{"id":1154,"date":"2021-01-08T12:46:00","date_gmt":"2021-01-08T12:46:00","guid":{"rendered":"http:\/\/be2030.be\/de\/index.php\/2019\/07\/18\/run-crash-suspect-should-seek-immediate-2\/"},"modified":"2021-01-10T18:21:54","modified_gmt":"2021-01-10T17:21:54","slug":"18000-doden-of-50-jaar-uitvluchten","status":"publish","type":"post","link":"https:\/\/be2030.be\/de\/blog\/18000-doden-of-50-jaar-uitvluchten\/","title":{"rendered":"18.000 doden of 50 jaar uitvluchten"},"content":{"rendered":"[vc_row][vc_column][vc_column_text]De Belgische politieke partijen en hun mandatarissen in de regering ontlopen al 50 jaar de problemen waarmee ons land te kampen heeft. Al 50 jaar lang onttrekken zij zich aan hun verantwoordelijkheid als bestuurders door deze onttrekking te verbergen achter een communautair betoog.<\/p>\n<p>In plaats van de uitdagingen van het land aan te pakken, in plaats van de echte behoeften van de bevolking te behartigen, hebben de politieke partijen er vijftig jaar lang voor gekozen om de Belgen te laten geloven dat de bron van het probleem de andere gemeenschappen was. De acties die ze hebben ondernomen, bestonden er meestal in om de Belgen tegen elkaar op te zetten door communautaireverschillen aan te halen.<\/p>\n<p>Hierdoor werd de steeds groter wordende splitsing van onze instellingen gerechtvaardigd. Door &#171;de andere&#187; de schuld te geven van hun wanbeleid, hebben onze politici zichzelf vrijgesproken van de gevolgen van hun handelen (of gebrek aan handelen).<\/p>\n<p><strong>In Belgi\u00eb wordt elke crisis gevolgd door een verdere ontmanteling van het land.<\/strong><\/p>\n<p>Vandaag hebben we te maken met een nieuwe crisis, en de chaos is het gevolg is van vijftig jaar uitvluchten. De burger ziet machteloos de constitutionele ondergang die de politieke partijen ons nalaten. Met elke crisis doet ons land het minder goed dan zijn buren en zijn inwoners betalen steeds een veel zwaardere prijs.<\/p>\n<p>Deze vaststelling, die voor vele waarnemers, in Belgi\u00eb en in het buitenland, duidelijk is, slaagt er nog steeds niet in om de blindheid van bepaalde politici te doorbreken. In het licht van het huidige debacle pleiten ze nog steeds voor hetzelfde recept dat het land naar dit debacle heeft gebracht. Zelfs op deze tragische momenten heeft hun bijzondere agenda voorrang op het algemeen belang. Bij de vorming van de laatste regering was de prioriteit niet, om maatregelen te nemen om de bevolking te beschermen, maar om maandenlang te kibbelen over het delen van privileges en het aankondigen van een nieuwe ontmanteling van ons land in 2024 onder de naam &#171;staatshervorming&#187;.<\/p>\n<p><strong>Reactie<\/strong><\/p>\n<p>Gelukkig reageren steeds meer Belgen, patriotten, gewone burgers, mensen met gezond verstand, op deze su\u00efcidale stormloop en komen ze samen, via tal van verenigingen, die pleiten voor een doeltreffend beheer van ons land.<br \/>\nEen crisis toont het belang aan van eenheid van bevelvoering, een hi\u00ebrarchie tussen de verschillende niveaus van macht en solidariteit. Het toont aan hoe belangrijk het is om voorrang te geven aan competentie en niet aan cli\u00ebntelisme en vriendjespolitiek. Het toont aan dat degelijkheid en goed bestuur in de plaats moeten komen van zelfgenoegzaamheid.<\/p>\n<p><img loading=\"lazy\" decoding=\"async\" class=\"size-medium wp-image-2697 aligncenter\" src=\"http:\/\/be2030.be\/de\/wp-content\/uploads\/sites\/8\/2021\/01\/be2030-team-300x225.jpg\" alt=\"BE2030 Team\" width=\"300\" height=\"225\" srcset=\"https:\/\/be2030.be\/de\/wp-content\/uploads\/sites\/8\/2021\/01\/be2030-team-300x225.jpg 300w, https:\/\/be2030.be\/de\/wp-content\/uploads\/sites\/8\/2021\/01\/be2030-team-1024x768.jpg 1024w, https:\/\/be2030.be\/de\/wp-content\/uploads\/sites\/8\/2021\/01\/be2030-team-768x576.jpg 768w, https:\/\/be2030.be\/de\/wp-content\/uploads\/sites\/8\/2021\/01\/be2030-team-1536x1152.jpg 1536w, https:\/\/be2030.be\/de\/wp-content\/uploads\/sites\/8\/2021\/01\/be2030-team.jpg 1548w\" sizes=\"auto, (max-width: 300px) 100vw, 300px\" \/><\/p>\n<p><strong>Ons land heeft een project nodig voor de toekomst. Een ambitieus project dat mensen <\/strong><strong>samenbrengt. Het is met dit ideaal dat vele burgers uit heel Belgi\u00eb samenkomen binnen BE2030 met het doel om hun ongenoegen te uiten over het huidig bestuur van het land. BE2030 wil visibiliteit geven aan de stille meerderheid van onze landgenoten.<\/strong><\/p>\n<p>Paul Bosmans<br \/>\nDecember 2020[\/vc_column_text][\/vc_column][\/vc_row]\n","protected":false},"excerpt":{"rendered":"<p>[vc_row][vc_column][vc_column_text]De Belgische politieke partijen en hun mandatarissen in de regering ontlopen al 50 jaar de problemen waarmee ons land te kampen heeft. Al 50 jaar lang onttrekken zij zich aan hun verantwoordelijkheid als bestuurders door deze onttrekking te verbergen achter een communautair betoog. In plaats van de uitdagingen van het land aan te pakken, in plaats van de echte behoeften van de bevolking te behartigen, hebben de politieke partijen er vijftig jaar lang voor gekozen om de Belgen te laten geloven dat de bron van het probleem de andere gemeenschappen was. De acties die ze hebben ondernomen, bestonden er meestal in om de Belgen tegen elkaar op te zetten door communautaireverschillen aan te halen. Hierdoor werd de steeds groter wordende splitsing van onze instellingen gerechtvaardigd. Door &#171;de andere&#187; de schuld te geven van hun wanbeleid, hebben onze politici zichzelf vrijgesproken van de gevolgen van hun handelen (of gebrek aan handelen). In Belgi\u00eb wordt elke crisis gevolgd door een verdere ontmanteling van het land. Vandaag hebben we te maken met een nieuwe crisis, en de chaos is het gevolg is van vijftig jaar uitvluchten. De burger ziet machteloos de constitutionele ondergang die de politieke partijen ons nalaten. Met elke crisis doet ons land het minder goed dan zijn buren en zijn inwoners betalen steeds een veel zwaardere prijs. Deze vaststelling, die voor vele waarnemers, in Belgi\u00eb en in het buitenland, duidelijk is, slaagt er nog steeds niet in om de blindheid van bepaalde politici te doorbreken. In het licht van het huidige debacle pleiten ze nog steeds voor hetzelfde recept dat het land naar dit debacle heeft gebracht. Zelfs op deze tragische momenten heeft hun bijzondere agenda voorrang op het algemeen belang. Bij de vorming van de laatste regering was de prioriteit niet, om maatregelen te nemen om de bevolking te beschermen, maar om maandenlang te kibbelen over het delen van privileges en het aankondigen van een nieuwe ontmanteling van ons land in 2024 onder de naam &#171;staatshervorming&#187;. Reactie Gelukkig reageren steeds meer Belgen, patriotten, gewone burgers, mensen met gezond verstand, op deze su\u00efcidale stormloop en komen ze samen, via tal van verenigingen, die pleiten voor een doeltreffend beheer van ons land. Een crisis toont het belang aan van eenheid van bevelvoering, een hi\u00ebrarchie tussen de verschillende niveaus van macht en solidariteit. Het toont aan hoe belangrijk het is om voorrang te geven aan competentie en niet aan cli\u00ebntelisme en vriendjespolitiek. Het toont aan dat degelijkheid en goed bestuur in de plaats moeten komen van zelfgenoegzaamheid. Ons land heeft een project nodig voor de toekomst. Een ambitieus project dat mensen samenbrengt. Het is met dit ideaal dat vele burgers uit heel Belgi\u00eb samenkomen binnen BE2030 met het doel om hun ongenoegen te uiten over het huidig bestuur van het land. BE2030 wil visibiliteit geven aan de stille meerderheid van onze landgenoten. Paul Bosmans December 2020[\/vc_column_text][\/vc_column][\/vc_row]<\/p>\n","protected":false},"author":1,"featured_media":2757,"comment_status":"closed","ping_status":"open","sticky":false,"template":"","format":"standard","meta":{"footnotes":""},"categories":[46],"tags":[48,50,51,49],"class_list":["post-1154","post","type-post","status-publish","format-standard","has-post-thumbnail","hentry","category-actueel","tag-be2030","tag-begov","tag-belgie","tag-belgov"],"yoast_head":"<!-- This site is optimized with the Yoast SEO plugin v27.2 - https:\/\/yoast.com\/product\/yoast-seo-wordpress\/ -->\n<title>18.000 doden of 50 jaar uitvluchten - BE2030 United for Belgium - DE<\/title>\n<meta name=\"description\" content=\"BE2030 - United for Belgium will alle Komponenten des Landes zusammenbringen und alleInitiativen und Energien im Streben nach Effizienz und guter Regierungsf\u00fchrung mit demGemeinwohl als Priorit\u00e4t b\u00fcndeln.\" \/>\n<meta name=\"robots\" content=\"index, follow, max-snippet:-1, max-image-preview:large, max-video-preview:-1\" \/>\n<link rel=\"canonical\" href=\"https:\/\/be2030.be\/de\/blog\/18000-doden-of-50-jaar-uitvluchten\/\" \/>\n<meta property=\"og:locale\" content=\"de_DE\" \/>\n<meta property=\"og:type\" content=\"article\" \/>\n<meta property=\"og:title\" content=\"18.000 doden of 50 jaar uitvluchten - BE2030 United for Belgium - DE\" \/>\n<meta property=\"og:description\" content=\"BE2030 - United for Belgium will alle Komponenten des Landes zusammenbringen und alleInitiativen und Energien im Streben nach Effizienz und guter Regierungsf\u00fchrung mit demGemeinwohl als Priorit\u00e4t b\u00fcndeln.\" \/>\n<meta property=\"og:url\" content=\"https:\/\/be2030.be\/de\/blog\/18000-doden-of-50-jaar-uitvluchten\/\" \/>\n<meta property=\"og:site_name\" content=\"BE2030 United for Belgium - DE\" \/>\n<meta property=\"article:publisher\" content=\"https:\/\/www.facebook.com\/2030UnitedForBelgium\" \/>\n<meta property=\"article:published_time\" content=\"2021-01-08T12:46:00+00:00\" \/>\n<meta property=\"article:modified_time\" content=\"2021-01-10T17:21:54+00:00\" \/>\n<meta property=\"og:image\" content=\"https:\/\/be2030.be\/de\/wp-content\/uploads\/sites\/8\/2021\/01\/BE2030-BLACK-blog.png\" \/>\n\t<meta property=\"og:image:width\" content=\"1200\" \/>\n\t<meta property=\"og:image:height\" content=\"628\" \/>\n\t<meta property=\"og:image:type\" content=\"image\/png\" \/>\n<meta name=\"author\" content=\"Ronnie\" \/>\n<meta name=\"twitter:card\" content=\"summary_large_image\" \/>\n<meta name=\"twitter:creator\" content=\"@UnitedforBelgi1\" \/>\n<meta name=\"twitter:site\" content=\"@UnitedforBelgi1\" \/>\n<meta name=\"twitter:label1\" content=\"Verfasst von\" \/>\n\t<meta name=\"twitter:data1\" content=\"Ronnie\" \/>\n\t<meta name=\"twitter:label2\" content=\"Gesch\u00e4tzte Lesezeit\" \/>\n\t<meta name=\"twitter:data2\" content=\"2\u00a0Minuten\" \/>\n<script type=\"application\/ld+json\" class=\"yoast-schema-graph\">{\"@context\":\"https:\/\/schema.org\",\"@graph\":[{\"@type\":\"Article\",\"@id\":\"https:\/\/be2030.be\/de\/blog\/18000-doden-of-50-jaar-uitvluchten\/#article\",\"isPartOf\":{\"@id\":\"https:\/\/be2030.be\/de\/blog\/18000-doden-of-50-jaar-uitvluchten\/\"},\"author\":{\"name\":\"Ronnie\",\"@id\":\"https:\/\/be2030.be\/de\/#\/schema\/person\/e9cb882641c79bd7a0256eea7485fbc5\"},\"headline\":\"18.000 doden of 50 jaar uitvluchten\",\"datePublished\":\"2021-01-08T12:46:00+00:00\",\"dateModified\":\"2021-01-10T17:21:54+00:00\",\"mainEntityOfPage\":{\"@id\":\"https:\/\/be2030.be\/de\/blog\/18000-doden-of-50-jaar-uitvluchten\/\"},\"wordCount\":491,\"publisher\":{\"@id\":\"https:\/\/be2030.be\/de\/#organization\"},\"image\":{\"@id\":\"https:\/\/be2030.be\/de\/blog\/18000-doden-of-50-jaar-uitvluchten\/#primaryimage\"},\"thumbnailUrl\":\"https:\/\/be2030.be\/de\/wp-content\/uploads\/sites\/8\/2021\/01\/BE2030-BLACK-blog.png\",\"keywords\":[\"be2030\",\"begov\",\"belgie\",\"belgov\"],\"articleSection\":[\"Actueel\"],\"inLanguage\":\"de-CH\"},{\"@type\":\"WebPage\",\"@id\":\"https:\/\/be2030.be\/de\/blog\/18000-doden-of-50-jaar-uitvluchten\/\",\"url\":\"https:\/\/be2030.be\/de\/blog\/18000-doden-of-50-jaar-uitvluchten\/\",\"name\":\"18.000 doden of 50 jaar uitvluchten - BE2030 United for Belgium - DE\",\"isPartOf\":{\"@id\":\"https:\/\/be2030.be\/de\/#website\"},\"primaryImageOfPage\":{\"@id\":\"https:\/\/be2030.be\/de\/blog\/18000-doden-of-50-jaar-uitvluchten\/#primaryimage\"},\"image\":{\"@id\":\"https:\/\/be2030.be\/de\/blog\/18000-doden-of-50-jaar-uitvluchten\/#primaryimage\"},\"thumbnailUrl\":\"https:\/\/be2030.be\/de\/wp-content\/uploads\/sites\/8\/2021\/01\/BE2030-BLACK-blog.png\",\"datePublished\":\"2021-01-08T12:46:00+00:00\",\"dateModified\":\"2021-01-10T17:21:54+00:00\",\"description\":\"BE2030 - United for Belgium will alle Komponenten des Landes zusammenbringen und alleInitiativen und Energien im Streben nach Effizienz und guter Regierungsf\u00fchrung mit demGemeinwohl als Priorit\u00e4t b\u00fcndeln.\",\"breadcrumb\":{\"@id\":\"https:\/\/be2030.be\/de\/blog\/18000-doden-of-50-jaar-uitvluchten\/#breadcrumb\"},\"inLanguage\":\"de-CH\",\"potentialAction\":[{\"@type\":\"ReadAction\",\"target\":[\"https:\/\/be2030.be\/de\/blog\/18000-doden-of-50-jaar-uitvluchten\/\"]}]},{\"@type\":\"ImageObject\",\"inLanguage\":\"de-CH\",\"@id\":\"https:\/\/be2030.be\/de\/blog\/18000-doden-of-50-jaar-uitvluchten\/#primaryimage\",\"url\":\"https:\/\/be2030.be\/de\/wp-content\/uploads\/sites\/8\/2021\/01\/BE2030-BLACK-blog.png\",\"contentUrl\":\"https:\/\/be2030.be\/de\/wp-content\/uploads\/sites\/8\/2021\/01\/BE2030-BLACK-blog.png\",\"width\":1200,\"height\":628,\"caption\":\"BE2030 BLACK logo\"},{\"@type\":\"BreadcrumbList\",\"@id\":\"https:\/\/be2030.be\/de\/blog\/18000-doden-of-50-jaar-uitvluchten\/#breadcrumb\",\"itemListElement\":[{\"@type\":\"ListItem\",\"position\":1,\"name\":\"Home\",\"item\":\"https:\/\/be2030.be\/de\/\"},{\"@type\":\"ListItem\",\"position\":2,\"name\":\"18.000 doden of 50 jaar uitvluchten\"}]},{\"@type\":\"WebSite\",\"@id\":\"https:\/\/be2030.be\/de\/#website\",\"url\":\"https:\/\/be2030.be\/de\/\",\"name\":\"BE2030 United for Belgium - DE\",\"description\":\"\",\"publisher\":{\"@id\":\"https:\/\/be2030.be\/de\/#organization\"},\"potentialAction\":[{\"@type\":\"SearchAction\",\"target\":{\"@type\":\"EntryPoint\",\"urlTemplate\":\"https:\/\/be2030.be\/de\/?s={search_term_string}\"},\"query-input\":{\"@type\":\"PropertyValueSpecification\",\"valueRequired\":true,\"valueName\":\"search_term_string\"}}],\"inLanguage\":\"de-CH\"},{\"@type\":\"Organization\",\"@id\":\"https:\/\/be2030.be\/de\/#organization\",\"name\":\"BE2030 United for Belgium\",\"url\":\"https:\/\/be2030.be\/de\/\",\"logo\":{\"@type\":\"ImageObject\",\"inLanguage\":\"de-CH\",\"@id\":\"https:\/\/be2030.be\/de\/#\/schema\/logo\/image\/\",\"url\":\"https:\/\/be2030.be\/de\/wp-content\/uploads\/sites\/8\/2020\/12\/BE2030-BLACK-small.png\",\"contentUrl\":\"https:\/\/be2030.be\/de\/wp-content\/uploads\/sites\/8\/2020\/12\/BE2030-BLACK-small.png\",\"width\":400,\"height\":147,\"caption\":\"BE2030 United for Belgium\"},\"image\":{\"@id\":\"https:\/\/be2030.be\/de\/#\/schema\/logo\/image\/\"},\"sameAs\":[\"https:\/\/www.facebook.com\/2030UnitedForBelgium\",\"https:\/\/x.com\/UnitedforBelgi1\"]},{\"@type\":\"Person\",\"@id\":\"https:\/\/be2030.be\/de\/#\/schema\/person\/e9cb882641c79bd7a0256eea7485fbc5\",\"name\":\"Ronnie\",\"image\":{\"@type\":\"ImageObject\",\"inLanguage\":\"de-CH\",\"@id\":\"https:\/\/secure.gravatar.com\/avatar\/6903740b36838531881465fe45b8efbd300492942083c286a73ecaf73393fa31?s=96&d=mm&r=g\",\"url\":\"https:\/\/secure.gravatar.com\/avatar\/6903740b36838531881465fe45b8efbd300492942083c286a73ecaf73393fa31?s=96&d=mm&r=g\",\"contentUrl\":\"https:\/\/secure.gravatar.com\/avatar\/6903740b36838531881465fe45b8efbd300492942083c286a73ecaf73393fa31?s=96&d=mm&r=g\",\"caption\":\"Ronnie\"},\"sameAs\":[\"http:\/\/be2030.be\"],\"url\":\"https:\/\/be2030.be\/de\/blog\/author\/ronnie\/\"}]}<\/script>\n<!-- \/ Yoast SEO plugin. -->","yoast_head_json":{"title":"18.000 doden of 50 jaar uitvluchten - BE2030 United for Belgium - DE","description":"BE2030 - United for Belgium will alle Komponenten des Landes zusammenbringen und alleInitiativen und Energien im Streben nach Effizienz und guter Regierungsf\u00fchrung mit demGemeinwohl als Priorit\u00e4t b\u00fcndeln.","robots":{"index":"index","follow":"follow","max-snippet":"max-snippet:-1","max-image-preview":"max-image-preview:large","max-video-preview":"max-video-preview:-1"},"canonical":"https:\/\/be2030.be\/de\/blog\/18000-doden-of-50-jaar-uitvluchten\/","og_locale":"de_DE","og_type":"article","og_title":"18.000 doden of 50 jaar uitvluchten - BE2030 United for Belgium - DE","og_description":"BE2030 - United for Belgium will alle Komponenten des Landes zusammenbringen und alleInitiativen und Energien im Streben nach Effizienz und guter Regierungsf\u00fchrung mit demGemeinwohl als Priorit\u00e4t b\u00fcndeln.","og_url":"https:\/\/be2030.be\/de\/blog\/18000-doden-of-50-jaar-uitvluchten\/","og_site_name":"BE2030 United for Belgium - DE","article_publisher":"https:\/\/www.facebook.com\/2030UnitedForBelgium","article_published_time":"2021-01-08T12:46:00+00:00","article_modified_time":"2021-01-10T17:21:54+00:00","og_image":[{"width":1200,"height":628,"url":"https:\/\/be2030.be\/de\/wp-content\/uploads\/sites\/8\/2021\/01\/BE2030-BLACK-blog.png","type":"image\/png"}],"author":"Ronnie","twitter_card":"summary_large_image","twitter_creator":"@UnitedforBelgi1","twitter_site":"@UnitedforBelgi1","twitter_misc":{"Verfasst von":"Ronnie","Gesch\u00e4tzte Lesezeit":"2\u00a0Minuten"},"schema":{"@context":"https:\/\/schema.org","@graph":[{"@type":"Article","@id":"https:\/\/be2030.be\/de\/blog\/18000-doden-of-50-jaar-uitvluchten\/#article","isPartOf":{"@id":"https:\/\/be2030.be\/de\/blog\/18000-doden-of-50-jaar-uitvluchten\/"},"author":{"name":"Ronnie","@id":"https:\/\/be2030.be\/de\/#\/schema\/person\/e9cb882641c79bd7a0256eea7485fbc5"},"headline":"18.000 doden of 50 jaar uitvluchten","datePublished":"2021-01-08T12:46:00+00:00","dateModified":"2021-01-10T17:21:54+00:00","mainEntityOfPage":{"@id":"https:\/\/be2030.be\/de\/blog\/18000-doden-of-50-jaar-uitvluchten\/"},"wordCount":491,"publisher":{"@id":"https:\/\/be2030.be\/de\/#organization"},"image":{"@id":"https:\/\/be2030.be\/de\/blog\/18000-doden-of-50-jaar-uitvluchten\/#primaryimage"},"thumbnailUrl":"https:\/\/be2030.be\/de\/wp-content\/uploads\/sites\/8\/2021\/01\/BE2030-BLACK-blog.png","keywords":["be2030","begov","belgie","belgov"],"articleSection":["Actueel"],"inLanguage":"de-CH"},{"@type":"WebPage","@id":"https:\/\/be2030.be\/de\/blog\/18000-doden-of-50-jaar-uitvluchten\/","url":"https:\/\/be2030.be\/de\/blog\/18000-doden-of-50-jaar-uitvluchten\/","name":"18.000 doden of 50 jaar uitvluchten - BE2030 United for Belgium - DE","isPartOf":{"@id":"https:\/\/be2030.be\/de\/#website"},"primaryImageOfPage":{"@id":"https:\/\/be2030.be\/de\/blog\/18000-doden-of-50-jaar-uitvluchten\/#primaryimage"},"image":{"@id":"https:\/\/be2030.be\/de\/blog\/18000-doden-of-50-jaar-uitvluchten\/#primaryimage"},"thumbnailUrl":"https:\/\/be2030.be\/de\/wp-content\/uploads\/sites\/8\/2021\/01\/BE2030-BLACK-blog.png","datePublished":"2021-01-08T12:46:00+00:00","dateModified":"2021-01-10T17:21:54+00:00","description":"BE2030 - United for Belgium will alle Komponenten des Landes zusammenbringen und alleInitiativen und Energien im Streben nach Effizienz und guter Regierungsf\u00fchrung mit demGemeinwohl als Priorit\u00e4t b\u00fcndeln.","breadcrumb":{"@id":"https:\/\/be2030.be\/de\/blog\/18000-doden-of-50-jaar-uitvluchten\/#breadcrumb"},"inLanguage":"de-CH","potentialAction":[{"@type":"ReadAction","target":["https:\/\/be2030.be\/de\/blog\/18000-doden-of-50-jaar-uitvluchten\/"]}]},{"@type":"ImageObject","inLanguage":"de-CH","@id":"https:\/\/be2030.be\/de\/blog\/18000-doden-of-50-jaar-uitvluchten\/#primaryimage","url":"https:\/\/be2030.be\/de\/wp-content\/uploads\/sites\/8\/2021\/01\/BE2030-BLACK-blog.png","contentUrl":"https:\/\/be2030.be\/de\/wp-content\/uploads\/sites\/8\/2021\/01\/BE2030-BLACK-blog.png","width":1200,"height":628,"caption":"BE2030 BLACK logo"},{"@type":"BreadcrumbList","@id":"https:\/\/be2030.be\/de\/blog\/18000-doden-of-50-jaar-uitvluchten\/#breadcrumb","itemListElement":[{"@type":"ListItem","position":1,"name":"Home","item":"https:\/\/be2030.be\/de\/"},{"@type":"ListItem","position":2,"name":"18.000 doden of 50 jaar uitvluchten"}]},{"@type":"WebSite","@id":"https:\/\/be2030.be\/de\/#website","url":"https:\/\/be2030.be\/de\/","name":"BE2030 United for Belgium - DE","description":"","publisher":{"@id":"https:\/\/be2030.be\/de\/#organization"},"potentialAction":[{"@type":"SearchAction","target":{"@type":"EntryPoint","urlTemplate":"https:\/\/be2030.be\/de\/?s={search_term_string}"},"query-input":{"@type":"PropertyValueSpecification","valueRequired":true,"valueName":"search_term_string"}}],"inLanguage":"de-CH"},{"@type":"Organization","@id":"https:\/\/be2030.be\/de\/#organization","name":"BE2030 United for Belgium","url":"https:\/\/be2030.be\/de\/","logo":{"@type":"ImageObject","inLanguage":"de-CH","@id":"https:\/\/be2030.be\/de\/#\/schema\/logo\/image\/","url":"https:\/\/be2030.be\/de\/wp-content\/uploads\/sites\/8\/2020\/12\/BE2030-BLACK-small.png","contentUrl":"https:\/\/be2030.be\/de\/wp-content\/uploads\/sites\/8\/2020\/12\/BE2030-BLACK-small.png","width":400,"height":147,"caption":"BE2030 United for Belgium"},"image":{"@id":"https:\/\/be2030.be\/de\/#\/schema\/logo\/image\/"},"sameAs":["https:\/\/www.facebook.com\/2030UnitedForBelgium","https:\/\/x.com\/UnitedforBelgi1"]},{"@type":"Person","@id":"https:\/\/be2030.be\/de\/#\/schema\/person\/e9cb882641c79bd7a0256eea7485fbc5","name":"Ronnie","image":{"@type":"ImageObject","inLanguage":"de-CH","@id":"https:\/\/secure.gravatar.com\/avatar\/6903740b36838531881465fe45b8efbd300492942083c286a73ecaf73393fa31?s=96&d=mm&r=g","url":"https:\/\/secure.gravatar.com\/avatar\/6903740b36838531881465fe45b8efbd300492942083c286a73ecaf73393fa31?s=96&d=mm&r=g","contentUrl":"https:\/\/secure.gravatar.com\/avatar\/6903740b36838531881465fe45b8efbd300492942083c286a73ecaf73393fa31?s=96&d=mm&r=g","caption":"Ronnie"},"sameAs":["http:\/\/be2030.be"],"url":"https:\/\/be2030.be\/de\/blog\/author\/ronnie\/"}]}},"_links":{"self":[{"href":"https:\/\/be2030.be\/de\/wp-json\/wp\/v2\/posts\/1154","targetHints":{"allow":["GET"]}}],"collection":[{"href":"https:\/\/be2030.be\/de\/wp-json\/wp\/v2\/posts"}],"about":[{"href":"https:\/\/be2030.be\/de\/wp-json\/wp\/v2\/types\/post"}],"author":[{"embeddable":true,"href":"https:\/\/be2030.be\/de\/wp-json\/wp\/v2\/users\/1"}],"replies":[{"embeddable":true,"href":"https:\/\/be2030.be\/de\/wp-json\/wp\/v2\/comments?post=1154"}],"version-history":[{"count":0,"href":"https:\/\/be2030.be\/de\/wp-json\/wp\/v2\/posts\/1154\/revisions"}],"wp:featuredmedia":[{"embeddable":true,"href":"https:\/\/be2030.be\/de\/wp-json\/wp\/v2\/media\/2757"}],"wp:attachment":[{"href":"https:\/\/be2030.be\/de\/wp-json\/wp\/v2\/media?parent=1154"}],"wp:term":[{"taxonomy":"category","embeddable":true,"href":"https:\/\/be2030.be\/de\/wp-json\/wp\/v2\/categories?post=1154"},{"taxonomy":"post_tag","embeddable":true,"href":"https:\/\/be2030.be\/de\/wp-json\/wp\/v2\/tags?post=1154"}],"curies":[{"name":"wp","href":"https:\/\/api.w.org\/{rel}","templated":true}]}}